{"id":335,"date":"2019-09-30T09:53:50","date_gmt":"2019-09-30T08:53:50","guid":{"rendered":"https:\/\/pax-friedensdienste.de\/wordpress_d\/?p=335"},"modified":"2019-10-02T13:27:42","modified_gmt":"2019-10-02T12:27:42","slug":"erfahrungsbericht-nadez-und-das-forumzfd-in-skopje","status":"publish","type":"post","link":"https:\/\/pax-friedensdienste.de\/wordpress_d\/erfahrungsbericht-nadez-und-das-forumzfd-in-skopje\/","title":{"rendered":"Erfahrungsbericht Nadez und das ForumZFD in Skopje"},"content":{"rendered":"<h4>Fr\u00fchling in Skopje von Eli<\/h4>\n<p><em>Eli war 2017\/18 mit uns f\u00fcr ihren freiwilligen Friedensdienst in Skopje und hat bei bei Nadez und dem ForumZFD gearbeitet. Hier berichtet sie von ihren Erlebnissen.&nbsp;<\/em><\/p>\n<p>Die Winterjacke weggepackt, jetzt wird Sonnencreme und Hut gebraucht. \u041b\u0435\u043b\u0435 (lele), wie man immer so sch\u00f6n sagt.<\/p>\n<p>Am 25.03. habe ich mich mit meinem Besuch am Bababerg im Nationalpark in der N\u00e4he von Bitola noch durch den Schnee gek\u00e4mpft und einen Monat sp\u00e4ter schon muss ich wieder verstecken spielen, um der Sonne zu entgehen. Die Sonne ist schon so intensiv, dass ich lieber um die Mittagszeit nicht in der Sonne sitze und danach auch immer lieber von Schatten zu Schatten h\u00fcpfe. Ich glaube der Sommer wird mir ein Spa\u00df.<\/p>\n<p><img loading=\"lazy\" decoding=\"async\" class=\"alignnone wp-image-353 \" src=\"https:\/\/pax-friedensdienste.de\/wordpress_d\/wp-content\/uploads\/2019\/09\/2-e1569836999139-1024x153.jpg\" alt=\"\" width=\"813\" height=\"121\" srcset=\"https:\/\/pax-friedensdienste.de\/wordpress_d\/wp-content\/uploads\/2019\/09\/2-e1569836999139-1024x153.jpg 1024w, https:\/\/pax-friedensdienste.de\/wordpress_d\/wp-content\/uploads\/2019\/09\/2-e1569836999139-300x45.jpg 300w, https:\/\/pax-friedensdienste.de\/wordpress_d\/wp-content\/uploads\/2019\/09\/2-e1569836999139-768x114.jpg 768w\" sizes=\"auto, (max-width: 813px) 100vw, 813px\" \/><\/p>\n<p>Aber wenn ich dann auf den Basar gehe und bereits Ende April die ersten Erdbeeren aus Skopje bekommen kann, hat das auch etwas Gutes. Es ist sch\u00f6n, wie bunt der Basar jetzt wieder wird. Und auch die ganze Stadt scheint zu erwachen. Gr\u00fcne B\u00e4ume und Blumen, die ich so noch nicht gesehen habe. Bei einem Spaziergang um den Vodno (dem Hausberg der Stadt) konnte ich auch eine Schildkr\u00f6te \u00fcberholen. Aber am angenehmsten finde ich die Hunde, die auf dem Hauptplatz schlafen, w\u00e4hrend die Menschen \u00fcber den Platz hetzen um zur Arbeit zu gelangen, den Tourist*innen ausweichend, die am Fotos schie\u00dfen sind. Manchmal rennen die Hunde auch kurz einem Fahrrad hinterher, aber nach 5m und etwas Gebell legen sie sich dann an einen neuen Platz und schlafen weiter.<\/p>\n<p>Wieder zur\u00fcck f\u00e4llt mir auf, dass ich hier in den letzten sechs Monaten doch das ein oder andere kennengelernt habe. Ich finde den Weg alleine nach Hause und auch finde ich den Weg zu meiner Arbeitsstelle in Shutka (der gro\u00dfen Roma Siedlung), wenn der Bus mal nicht bis zum Ende f\u00e4hrt. So gehe ich dann durch die kleinen Stra\u00dfen (um der Hauptstra\u00dfe zu entgehen), diese scheinen auch aus dem Winter erwacht und belebt. Kinder rennen herum, vor jedem Haus sitzen Leute zum Spielen oder Reden, andere putzen vor ihrem Haus oder reinigen gerade Teppiche. Ich f\u00fchle mich \u00e4hnlich unangenehm beobachtet wie vor Monaten. Doch ich muss nicht lange gehen, um ein Kind zu treffen, was zu Nadez, meiner Einsatzstelle, kommt und mich daher kennt. Durch ein Rufen oder mich Begr\u00fc\u00dfen nimmt es mir dann diesen Fremdenschein. Es ist sch\u00f6n wie freudig ich begr\u00fc\u00dft werde, auch, wenn ich kurz vorher bei Nadez so gemein war, die L\u00f6sungen f\u00fcr die Hausaufgaben nicht vorzusagen.<\/p>\n<p>Komm ich dann bei Nadez an, wei\u00df ich nie wie der Tag wird. Mal sind alle laut, mal leiser, mal bin ich eine Freundin, mal die Lehrerin, mal kommen viele, mal alle zu sp\u00e4t. An manchen Tagen sitzen alle an ihren Hausaufgaben, an anderen gibt es kleine Workshops und dann an manchen hat jemand Geburtstag und es wird getanzt.<\/p>\n<p><img loading=\"lazy\" decoding=\"async\" class=\"alignnone wp-image-351 size-large\" src=\"https:\/\/pax-friedensdienste.de\/wordpress_d\/wp-content\/uploads\/2019\/09\/1-5-e1569836956374-1024x458.png\" alt=\"\" width=\"1024\" height=\"458\" srcset=\"https:\/\/pax-friedensdienste.de\/wordpress_d\/wp-content\/uploads\/2019\/09\/1-5-e1569836956374-1024x458.png 1024w, https:\/\/pax-friedensdienste.de\/wordpress_d\/wp-content\/uploads\/2019\/09\/1-5-e1569836956374-300x134.png 300w, https:\/\/pax-friedensdienste.de\/wordpress_d\/wp-content\/uploads\/2019\/09\/1-5-e1569836956374-768x344.png 768w, https:\/\/pax-friedensdienste.de\/wordpress_d\/wp-content\/uploads\/2019\/09\/1-5-e1569836956374.png 1366w\" sizes=\"auto, (max-width: 1024px) 100vw, 1024px\" \/><\/p>\n<p>Wie zu Weihnachten ging es auch wieder zu Ostern nach Tetovo zu den Eltern meiner Mitbewohnerin. Viel Essen und darunter auch eine Schaumtorte, wie sie mir so nicht bekannt war. Dieses Mahl beendet, sind wir durch Tetovo spaziert, um Familienteilen einen Osterbesuch abzustatten. Wo wir klingelten kamen wir auch immer an einen genauso reichgedeckten Tisch und ohne zu essen, konnte man nicht wieder gehen. Au\u00dferdem gibt es die Tradition, ein (meist rotes) Ei zu bekommen. Gegr\u00fc\u00dft wird mit \u0425\u0440\u0438\u0441\u0442\u043e\u0441 \u0432\u043e\u0441\u043a\u0440\u0435\u0441\u0435, \u0432\u0438\u0441\u0442\u0438\u043d\u0430 \u0431\u043e\u0441\u043a\u0440\u0435\u0441\u0435! (Hristos voskrese, vistina voskrese- Christus ist auferstanden, er ist wirklich auferstanden). Nach dem dritten Haus konnte ich das auch halbwegs aussprechen. Meine Mitbewohnerin meint, es w\u00e4re nur eine kleine Tour gewesen, aber die 7 Eier, die ich an diesem Tag bekommen habe, reichten mir.<\/p>\n<p>Zu erw\u00e4hnen ist noch die Sicht, wenn man von dem Canyon Matka auf den Vodno wandert. Die Natur hier haut mich immer wieder um und auch wie wenig dieses touristisch ausgebaut ist.<\/p>\n<h3><span style=\"display: inline !important; float: none; background-color: #ffffff; color: #000000; font-family: 'Quicksand','Helvetica Neue',helvetica,arial,sans-serif; font-size: 24px; font-style: normal; font-variant: normal; font-weight: bold; letter-spacing: normal; orphans: 2; text-align: left; text-decoration: none; text-indent: 0px; text-transform: none; -webkit-text-stroke-width: 0px; white-space: normal; word-spacing: 0px;\">Hast du auch Lust einen Freiwilligendienst in Skopje zu machen? Dann<\/span><span style=\"text-align: left; color: #000000; text-transform: none; text-indent: 0px; letter-spacing: normal; font-family: 'Quicksand','Helvetica Neue',helvetica,arial,sans-serif; font-size: 24px; font-style: normal; font-variant: normal; text-decoration: none; word-spacing: 0px; display: inline !important; white-space: normal; orphans: 2; float: none; -webkit-text-stroke-width: 0px; background-color: #ffffff;\">&nbsp;<\/span><a href=\"https:\/\/pax-friedensdienste.de\/wordpress_d\/?page_id=15\">bewirb<\/a><span style=\"display: inline !important; float: none; background-color: #ffffff; color: #000000; font-family: 'Quicksand','Helvetica Neue',helvetica,arial,sans-serif; font-size: 24px; font-style: normal; font-variant: normal; font-weight: bold; letter-spacing: normal; orphans: 2; text-align: left; text-decoration: none; text-indent: 0px; text-transform: none; -webkit-text-stroke-width: 0px; white-space: normal; word-spacing: 0px;\"> dich bei uns!<\/span><\/h3>\n","protected":false},"excerpt":{"rendered":"<p>Fr\u00fchling in Skopje von Eli Eli war 2017\/18 mit uns f\u00fcr ihren freiwilligen Friedensdienst in Skopje und hat bei bei Nadez und dem ForumZFD gearbeitet. Hier berichtet sie von ihren Erlebnissen.&nbsp; Die Winterjacke weggepackt, jetzt wird Sonnencreme und Hut gebraucht. \u041b\u0435\u043b\u0435 (lele), wie man immer so sch\u00f6n sagt. Am 25.03. habe ich mich mit meinem&hellip;<\/p>\n","protected":false},"author":1,"featured_media":0,"comment_status":"open","ping_status":"closed","sticky":false,"template":"","format":"standard","meta":{"ngg_post_thumbnail":0,"footnotes":""},"categories":[11],"tags":[16,5,10,14,9,22,8,15],"class_list":["post-335","post","type-post","status-publish","format-standard","hentry","category-erfahrungsberichte","tag-2017-18","tag-erfahrungsbericht","tag-forumzfd","tag-jugendarbeit","tag-nadez","tag-nord-mazedonien","tag-skopje","tag-versoehnungsarbeit"],"_links":{"self":[{"href":"https:\/\/pax-friedensdienste.de\/wordpress_d\/wp-json\/wp\/v2\/posts\/335","targetHints":{"allow":["GET"]}}],"collection":[{"href":"https:\/\/pax-friedensdienste.de\/wordpress_d\/wp-json\/wp\/v2\/posts"}],"about":[{"href":"https:\/\/pax-friedensdienste.de\/wordpress_d\/wp-json\/wp\/v2\/types\/post"}],"author":[{"embeddable":true,"href":"https:\/\/pax-friedensdienste.de\/wordpress_d\/wp-json\/wp\/v2\/users\/1"}],"replies":[{"embeddable":true,"href":"https:\/\/pax-friedensdienste.de\/wordpress_d\/wp-json\/wp\/v2\/comments?post=335"}],"version-history":[{"count":4,"href":"https:\/\/pax-friedensdienste.de\/wordpress_d\/wp-json\/wp\/v2\/posts\/335\/revisions"}],"predecessor-version":[{"id":540,"href":"https:\/\/pax-friedensdienste.de\/wordpress_d\/wp-json\/wp\/v2\/posts\/335\/revisions\/540"}],"wp:attachment":[{"href":"https:\/\/pax-friedensdienste.de\/wordpress_d\/wp-json\/wp\/v2\/media?parent=335"}],"wp:term":[{"taxonomy":"category","embeddable":true,"href":"https:\/\/pax-friedensdienste.de\/wordpress_d\/wp-json\/wp\/v2\/categories?post=335"},{"taxonomy":"post_tag","embeddable":true,"href":"https:\/\/pax-friedensdienste.de\/wordpress_d\/wp-json\/wp\/v2\/tags?post=335"}],"curies":[{"name":"wp","href":"https:\/\/api.w.org\/{rel}","templated":true}]}}