{"id":337,"date":"2019-09-30T10:00:00","date_gmt":"2019-09-30T09:00:00","guid":{"rendered":"https:\/\/pax-friedensdienste.de\/wordpress_d\/?p=337"},"modified":"2019-10-02T13:23:58","modified_gmt":"2019-10-02T12:23:58","slug":"internationale-jugendbildungsstaette-in-kreisau","status":"publish","type":"post","link":"https:\/\/pax-friedensdienste.de\/wordpress_d\/internationale-jugendbildungsstaette-in-kreisau\/","title":{"rendered":"Internationale Jugendbildungsst\u00e4tte in Kreisau"},"content":{"rendered":"<h2>Jahreszeiten in Kreisau von Hanna<\/h2>\n<p><em>Hanna war 2017\/18 mit uns f\u00fcr ihren freiwilligen Friedensdienst in Kreisau und hat in der internationalen Jugendbildungsst\u00e4tte gearbeitet. Hier berichtet sie von ihren Erfahrungen.&nbsp;<\/em><\/p>\n<p><u>Winter<\/u><\/p>\n<p>Der Winter war lang und grau. Man ging im Dunkeln aus dem Haus und kam im Dunkeln wieder. Nach dem pax christi-Seminar wurde es dann nochmal richtig kalt und der kleine T\u00fcmpel hinterm Haus fror zu. Johannes und ich hatten zwar schon im Januar ausprobiert, ob uns das Eis aushalten w\u00fcrde, da war es aber noch nicht kalt genug. Diesmal war das Eis um einiges dicker und so dick, dass wir zu viert drauf schlittern konnten.<\/p>\n<p><img loading=\"lazy\" decoding=\"async\" class=\"alignnone wp-image-340\" src=\"https:\/\/pax-friedensdienste.de\/wordpress_d\/wp-content\/uploads\/2019\/09\/Winter-768x1024.jpg\" alt=\"\" width=\"467\" height=\"622\" srcset=\"https:\/\/pax-friedensdienste.de\/wordpress_d\/wp-content\/uploads\/2019\/09\/Winter-768x1024.jpg 768w, https:\/\/pax-friedensdienste.de\/wordpress_d\/wp-content\/uploads\/2019\/09\/Winter-225x300.jpg 225w, https:\/\/pax-friedensdienste.de\/wordpress_d\/wp-content\/uploads\/2019\/09\/Winter.jpg 864w\" sizes=\"auto, (max-width: 467px) 100vw, 467px\" \/><\/p>\n<p>Anfang M\u00e4rz kamen mich drei Schulfreund*innen besuchen und da die Temperaturen nun endlich wieder ein Plus vorne hatten, konnten wir auch richtig etwas unternehmen. So waren wir zum Beispiel an einem Tag im Schloss F\u00fcrstenstein und ich konnte ihnen meine Lieblingsorte in Breslau zeigen. An einem der Tage haben wir entschlossen, einfach nichts zu machen und so waren wir vormittags in Kreisau spazieren und haben nachmittags Waffeln gebacken. Da ich seit Anfang Februar mein Auto hier in Kreisau habe, ist es nun um einiges einfacher geworden, etwas zu unternehmen und irgendwo hinzukommen. Auch das Einkaufen ist viel einfacher geworden, da wir fr\u00fcher, meist am Wochenende, mit dem Bus ins 8km entfernte Schweidnitz mussten, um dort einen Lebensmittelladen zu finden. Besonders da neuerdings die L\u00e4den in Polen sonntags zu haben.<\/p>\n<p>Irgendwann \u00f6ffnete sich der Himmel und die ersten Sonnenstrahlen des Jahres ber\u00fchrten unsere Haut und wir entschlossen uns, das umliegende Gebirge zu erkunden. Johannes, eine Mitarbeiterin und ich fuhren also zur Hohen Eule (dem h\u00f6chsten Berg des Eulengebirges) und wanderten auf die Spitze. Da es schon noch relativ kalt war, lag noch \u00fcberall Schnee, was die Aussicht sogar noch besser machte.<\/p>\n<p><u>Sommer<\/u><\/p>\n<p>Ja, ich meine wirklich Sommer, da der Fr\u00fchling eigentlich so ziemlich \u00fcbersprungen worden ist. Nat\u00fcrlich haben B\u00e4ume und Blumen gerade erst angefangen zu bl\u00fchen, aber die Temperaturen wurden direkt sommerlich.<\/p>\n<p>Schon an dem Dienstag nach Ostern bekam ich direkt wieder Besuch und zwar von meiner Schwester und zwei ihrer Freundinnen, die zum Wandern gekommen waren, was man durch unsere Gebirgslage super machen kann. Ich finde, es ist ein sch\u00f6nes Gef\u00fchl so viel Besuch zu bekommen und ihnen mein Kreisau und mein Breslau zeigen zu k\u00f6nnen.<\/p>\n<p>Danach stieg ich schon in den n\u00e4chsten Flixbus und fuhr nach Kattowitz, dort traf ich mich mit meiner Mitfreiwilligen Isabell. Die Stadt an sich finde ich nicht besonders sch\u00f6n, aber dadurch, dass es unglaublich hei\u00df an dem Tag war, hat es auch gereicht, in dem anliegenden Park spazieren zu gehen und einfach das Leben zu genie\u00dfen.<\/p>\n<p>Jeder kennt die Christus-Erl\u00f6ser-Statue in Rio de Janeiro, aber kaum einer wei\u00df, dass das \u00fcberhaupt nicht die gr\u00f6\u00dfte Jesusstatue ist. Denn die gr\u00f6\u00dfte Jesusstatue der Welt steht nat\u00fcrlich, wo sonst, in Polen, um genauer zu sein in Swiebodzin (ca. 200km entfernt von Kreisau). Johannes und ich hatten ein gemeinsames Wochenende frei und so entschlossen wir uns dort hin zu fahren. Circa 90 % der Strecke war Autobahn und sonst sind wir fast nur \u00fcber die Landstra\u00dfe gefahren, also ich bin gefahren und Johannes hat geschlafen. Aber der Weg hat sich gelohnt und so standen wir 3 Stunden sp\u00e4ter tats\u00e4chlich auf einem 16 Meter hohen H\u00fcgel neben der weltgr\u00f6\u00dften Jesusstatue. Tats\u00e4chlich hatte ich sie gr\u00f6\u00dfer erwartet, da ja zumindest die in Brasilien immer so riesig wirkt. Aber f\u00fcr Fotos hat es auf jeden Fall gereicht.<\/p>\n<p><img loading=\"lazy\" decoding=\"async\" class=\"alignnone wp-image-341\" src=\"https:\/\/pax-friedensdienste.de\/wordpress_d\/wp-content\/uploads\/2019\/09\/Statue-e1569834713246-768x1024.jpg\" alt=\"\" width=\"473\" height=\"630\" srcset=\"https:\/\/pax-friedensdienste.de\/wordpress_d\/wp-content\/uploads\/2019\/09\/Statue-e1569834713246-768x1024.jpg 768w, https:\/\/pax-friedensdienste.de\/wordpress_d\/wp-content\/uploads\/2019\/09\/Statue-e1569834713246-225x300.jpg 225w\" sizes=\"auto, (max-width: 473px) 100vw, 473px\" \/><\/p>\n<p>Nicht nur f\u00fcr pax christi, sondern auch f\u00fcr die Stiftung Kreisau m\u00fcssen wir einen Newsletter schreiben, den wir aber komplett frei gestalten d\u00fcrfen. Ein Punkt in diesem Newsletter ist ein von uns erstelltes H\u00fchner-Bingo mit den H\u00fchnern aus dem Dorf. Damit wir an die 16 Bilder von H\u00fchnern kommen, haben wir uns eines Nachmittags eine polnischsprachige Kollegin geschnappt und sind von Haus zu Haus gelaufen, um zu fragen, ob wir nicht die H\u00fchner fotografieren k\u00f6nnten. Viele der Leute waren erst verwirrt, waren dann aber offen und lie\u00dfen uns an ihre H\u00fchner. Leider hatten wir auch bei einigen Pech, da H\u00fchner anscheinend schon gegen 18 Uhr schlafen gehen und wir zu sp\u00e4t kamen. Das mit dem Fotografieren hatten wir uns allerdings leichter vorgestellt, da es ziemlich schwierig ist, von so einem scheuen Tier eine Nahaufnahme zu bekommen, besonders wenn das Gehege ziemlich gro\u00df ist. Da waren die herumstreunenden Katzen doch etwas fotogener.<\/p>\n<p>Nat\u00fcrlich arbeite ich auch noch, aber so langsam hat man sich an die Jugendbegegnungen gew\u00f6hnt. Man wei\u00df, was vorzubereiten ist und wie der typische Ablauf ist. Trotzdem habe ich auch manchmal Gruppen, die nicht in das typische Jugendbegegnungsschema passen. So hatte ich im April eine Begegnung mit Referendar*innen und Lehramtsstudierenden aus Deutschland und Polen, die gelernt haben, wie man eine solche Jugendbegegnung\/Sch\u00fcleraustausch organisiert. Bei den meisten Programmpunkten konnte ich einfach selber mitmachen, wodurch ich eine Begegnung mal aus einer anderen Perspektive sehen konnte.<\/p>\n<p><u>Fr\u00fchling<\/u><\/p>\n<p>Trotz der sommerlichen Temperaturen gibt es nat\u00fcrlich sichtbar auch den Fr\u00fchling. So leuchten um ganz Kreisau herum ganz viele gelbe Rapsfelder und die Obstb\u00e4ume strahlen in wundersch\u00f6nem wei\u00df und violett. Die Wiesen sind voller L\u00f6wenzahn und den dazugeh\u00f6rigen Hummeln. Das nutzten wir und machten L\u00f6wenzahnhonig aus \u00fcber 400 Bl\u00fcten, der sogar ziemlich gut geworden ist. Insgesamt erwacht die Tierwelt wieder und im kleinen T\u00fcmpel leben sehr viele Fr\u00f6sche, die man sogar durch geschlossene Fenster h\u00f6rt, leider habe ich noch nie welche gesehen, denn wenn man n\u00e4her rankommt, werden sie ganz leise.<\/p>\n<p><img loading=\"lazy\" decoding=\"async\" class=\"alignnone size-full wp-image-342\" src=\"https:\/\/pax-friedensdienste.de\/wordpress_d\/wp-content\/uploads\/2019\/09\/Fr\u00fchling-e1569834843394.jpg\" alt=\"\" width=\"480\" height=\"640\" srcset=\"https:\/\/pax-friedensdienste.de\/wordpress_d\/wp-content\/uploads\/2019\/09\/Fr\u00fchling-e1569834843394.jpg 480w, https:\/\/pax-friedensdienste.de\/wordpress_d\/wp-content\/uploads\/2019\/09\/Fr\u00fchling-e1569834843394-225x300.jpg 225w\" sizes=\"auto, (max-width: 480px) 100vw, 480px\" \/><\/p>\n<h3><span style=\"display: inline !important; float: none; background-color: #ffffff; color: #000000; font-family: 'Quicksand','Helvetica Neue',helvetica,arial,sans-serif; font-size: 24px; font-style: normal; font-variant: normal; font-weight: bold; letter-spacing: normal; orphans: 2; text-align: left; text-decoration: none; text-indent: 0px; text-transform: none; -webkit-text-stroke-width: 0px; white-space: normal; word-spacing: 0px;\">Hast du auch Lust einen Freiwilligendienst in Kreisau zu machen? Dann&nbsp;<\/span><a href=\"https:\/\/pax-friedensdienste.de\/wordpress_d\/?page_id=15\">bewirb<\/a><span style=\"display: inline !important; float: none; background-color: #ffffff; color: #000000; font-family: 'Quicksand','Helvetica Neue',helvetica,arial,sans-serif; font-size: 24px; font-style: normal; font-variant: normal; font-weight: bold; letter-spacing: normal; orphans: 2; text-align: left; text-decoration: none; text-indent: 0px; text-transform: none; -webkit-text-stroke-width: 0px; white-space: normal; word-spacing: 0px;\"> dich bei uns!<\/span><\/h3>\n","protected":false},"excerpt":{"rendered":"<p>Jahreszeiten in Kreisau von Hanna Hanna war 2017\/18 mit uns f\u00fcr ihren freiwilligen Friedensdienst in Kreisau und hat in der internationalen Jugendbildungsst\u00e4tte gearbeitet. Hier berichtet sie von ihren Erfahrungen.&nbsp; Winter Der Winter war lang und grau. Man ging im Dunkeln aus dem Haus und kam im Dunkeln wieder. Nach dem pax christi-Seminar wurde es dann&hellip;<\/p>\n","protected":false},"author":1,"featured_media":0,"comment_status":"open","ping_status":"closed","sticky":false,"template":"","format":"standard","meta":{"ngg_post_thumbnail":0,"footnotes":""},"categories":[11],"tags":[16,5,13,14,12,18,15],"class_list":["post-337","post","type-post","status-publish","format-standard","hentry","category-erfahrungsberichte","tag-2017-18","tag-erfahrungsbericht","tag-internationale-jugendbildungsstaette","tag-jugendarbeit","tag-kreisau","tag-polen","tag-versoehnungsarbeit"],"_links":{"self":[{"href":"https:\/\/pax-friedensdienste.de\/wordpress_d\/wp-json\/wp\/v2\/posts\/337","targetHints":{"allow":["GET"]}}],"collection":[{"href":"https:\/\/pax-friedensdienste.de\/wordpress_d\/wp-json\/wp\/v2\/posts"}],"about":[{"href":"https:\/\/pax-friedensdienste.de\/wordpress_d\/wp-json\/wp\/v2\/types\/post"}],"author":[{"embeddable":true,"href":"https:\/\/pax-friedensdienste.de\/wordpress_d\/wp-json\/wp\/v2\/users\/1"}],"replies":[{"embeddable":true,"href":"https:\/\/pax-friedensdienste.de\/wordpress_d\/wp-json\/wp\/v2\/comments?post=337"}],"version-history":[{"count":4,"href":"https:\/\/pax-friedensdienste.de\/wordpress_d\/wp-json\/wp\/v2\/posts\/337\/revisions"}],"predecessor-version":[{"id":538,"href":"https:\/\/pax-friedensdienste.de\/wordpress_d\/wp-json\/wp\/v2\/posts\/337\/revisions\/538"}],"wp:attachment":[{"href":"https:\/\/pax-friedensdienste.de\/wordpress_d\/wp-json\/wp\/v2\/media?parent=337"}],"wp:term":[{"taxonomy":"category","embeddable":true,"href":"https:\/\/pax-friedensdienste.de\/wordpress_d\/wp-json\/wp\/v2\/categories?post=337"},{"taxonomy":"post_tag","embeddable":true,"href":"https:\/\/pax-friedensdienste.de\/wordpress_d\/wp-json\/wp\/v2\/tags?post=337"}],"curies":[{"name":"wp","href":"https:\/\/api.w.org\/{rel}","templated":true}]}}