{"id":766,"date":"2020-12-10T09:07:04","date_gmt":"2020-12-10T08:07:04","guid":{"rendered":"https:\/\/pax-friedensdienste.de\/wordpress_d\/?p=766"},"modified":"2021-01-19T13:18:55","modified_gmt":"2021-01-19T12:18:55","slug":"kein-weihnachten-in-moria-mahnwache-und-online-aktion","status":"publish","type":"post","link":"https:\/\/pax-friedensdienste.de\/wordpress_d\/kein-weihnachten-in-moria-mahnwache-und-online-aktion\/","title":{"rendered":"Kein Weihnachten in Moria &#8211; Online-Aktion"},"content":{"rendered":"<p>Im Rahmen unserer pax christi-Kampagne &#8222;Kein Weihnachten in Moria&#8220; zeigen wir Gesicht, denn seit <strong>Sonntag dem 2. Advent<\/strong> l\u00e4uft die Online-Fotoaktion <strong>#keinWeihnachteninMoria<\/strong>.<\/p>\n<p>&nbsp;<\/p>\n<p>Um die breite Unterst\u00fctzung unserer Kampagne zu verdeutlichen und bekannter zu machen, brauchen wir eure Unterst\u00fctzung:<\/p>\n<p>&nbsp;<\/p>\n<ul>\n<li>Druckt das Plakat aus (Farbe oder schwarz-wei\u00df \u2013 beides funktioniert) beigef\u00fcgt an diese Mail oder unter <a href=\"https:\/\/aachen.paxchristi.de\/\">https:\/\/aachen.paxchristi.de\/<\/a> oder <a href=\"https:\/\/kein-weihnachten-in-moria.de\">https:\/\/kein-weihnachten-in-moria.de<\/a><\/li>\n<li>Macht ein Foto von euch \/sich und dem Plakat, siehe Beispiel im Anhang<\/li>\n<li>Postet das Foto auf all euren \/ Ihren Social-Media-Kan\u00e4len mit dem Hashtag: #keinWeihnachteninMoria<\/li>\n<li>Schickt das Foto auch an uns (<a href=\"mailto:info@pax-christi-aachen.de\">info@pax-christi-aachen.de<\/a>). Wir teilen es auf der auf unseren Social-Media-Kan\u00e4len und leiten es an den Regionalverband Rhein-Main weiter.<\/li>\n<\/ul>\n<p>&nbsp;<\/p>\n<p>Bis Weihnachten m\u00f6chten wir die Foto-Aktion <strong>#kein Weihnachten in Moria<\/strong> weiterf\u00fchren und den Druck auf die Entscheidungstr\u00e4ger*innen erh\u00f6hen, doch noch vor oder bis Weihnachten zu handeln und die Fl\u00fcchtlingslager auf den griechischen Inseln zu evakuieren.<\/p>\n<p>&nbsp;<\/p>\n<p>Au\u00dferdem haben wir in den vergangenen Wochen alle MdB\u2019s und MdL\u2019s aus dem Bistum Aachen angeschrieben \u2013 bisher haben wir keine nennenswerten R\u00fcckmeldungen bekommen.<\/p>\n<p>&nbsp;<\/p>\n<p>\u00dcber weitere Aktionen und Veranstaltungen im Rahmen der Kampagne halten wir euch auf dem Laufenden.<\/p>\n<p>Wir freuen uns, wenn ihr euch beteiligt, eigene Aktionen durchf\u00fchrt oder uns eure Ideen mitteilt.<\/p>\n","protected":false},"excerpt":{"rendered":"<p>Im Rahmen unserer pax christi-Kampagne &#8222;Kein Weihnachten in Moria&#8220; zeigen wir Gesicht, denn seit Sonntag dem 2. Advent l\u00e4uft die Online-Fotoaktion #keinWeihnachteninMoria. &nbsp; Um die breite Unterst\u00fctzung unserer Kampagne zu verdeutlichen und bekannter zu machen, brauchen wir eure Unterst\u00fctzung: &nbsp; Druckt das Plakat aus (Farbe oder schwarz-wei\u00df \u2013 beides funktioniert) beigef\u00fcgt an diese Mail oder&hellip;<\/p>\n","protected":false},"author":1,"featured_media":768,"comment_status":"open","ping_status":"closed","sticky":false,"template":"","format":"standard","meta":{"ngg_post_thumbnail":0,"footnotes":""},"categories":[37],"tags":[],"class_list":["post-766","post","type-post","status-publish","format-standard","has-post-thumbnail","hentry","category-veranstaltungstipps"],"_links":{"self":[{"href":"https:\/\/pax-friedensdienste.de\/wordpress_d\/wp-json\/wp\/v2\/posts\/766","targetHints":{"allow":["GET"]}}],"collection":[{"href":"https:\/\/pax-friedensdienste.de\/wordpress_d\/wp-json\/wp\/v2\/posts"}],"about":[{"href":"https:\/\/pax-friedensdienste.de\/wordpress_d\/wp-json\/wp\/v2\/types\/post"}],"author":[{"embeddable":true,"href":"https:\/\/pax-friedensdienste.de\/wordpress_d\/wp-json\/wp\/v2\/users\/1"}],"replies":[{"embeddable":true,"href":"https:\/\/pax-friedensdienste.de\/wordpress_d\/wp-json\/wp\/v2\/comments?post=766"}],"version-history":[{"count":2,"href":"https:\/\/pax-friedensdienste.de\/wordpress_d\/wp-json\/wp\/v2\/posts\/766\/revisions"}],"predecessor-version":[{"id":769,"href":"https:\/\/pax-friedensdienste.de\/wordpress_d\/wp-json\/wp\/v2\/posts\/766\/revisions\/769"}],"wp:featuredmedia":[{"embeddable":true,"href":"https:\/\/pax-friedensdienste.de\/wordpress_d\/wp-json\/wp\/v2\/media\/768"}],"wp:attachment":[{"href":"https:\/\/pax-friedensdienste.de\/wordpress_d\/wp-json\/wp\/v2\/media?parent=766"}],"wp:term":[{"taxonomy":"category","embeddable":true,"href":"https:\/\/pax-friedensdienste.de\/wordpress_d\/wp-json\/wp\/v2\/categories?post=766"},{"taxonomy":"post_tag","embeddable":true,"href":"https:\/\/pax-friedensdienste.de\/wordpress_d\/wp-json\/wp\/v2\/tags?post=766"}],"curies":[{"name":"wp","href":"https:\/\/api.w.org\/{rel}","templated":true}]}}